{"id":5677,"date":"2026-01-07T14:14:56","date_gmt":"2026-01-07T13:14:56","guid":{"rendered":"https:\/\/laziorugby.it\/?p=5677"},"modified":"2026-01-07T14:14:56","modified_gmt":"2026-01-07T13:14:56","slug":"il-1xv-riabbraccia-filippo-zacchilli-dopo-lesperienza-in-norvegia","status":"publish","type":"post","link":"https:\/\/laziorugby.it\/index.php\/2026\/01\/07\/il-1xv-riabbraccia-filippo-zacchilli-dopo-lesperienza-in-norvegia\/","title":{"rendered":"Il 1XV riabbraccia Filippo Zacchilli dopo l\u2019esperienza in Norvegia"},"content":{"rendered":"<p>Un gradito ritorno andr\u00e0 a puntellare la rosa della <strong>Lazio Rugby 1927<\/strong> in vista della ripresa del campionato di Serie A2. In questi giorni il gruppo guidato da <strong>Francesco Saverio Pompili<\/strong> ha infatti riaccolto tra le proprie fila il terza linea <strong>Filippo Zacchilli<\/strong>, reduce da un Erasmus di 6 mesi in Norvegia in cui ha potuto arricchire il suo bagaglio anche sotto il profilo rugbistico.<\/p>\n<p>Durante la sua permanenza a Oslo il classe 2005, iscritto al corso di laurea triennale in Global Governance dell\u2019Universit\u00e0 di Tor Vergata, ha militato con la formazione locale del <strong>Sagene IF<\/strong>, risultando tra i protagonisti della vittoriosa cavalcata del club nella massima serie norvegese. Coi compagni in maglia bianconera Zacchilli ha concluso la regular season con un percorso netto di 5 vittorie, per poi aggiudicarsi il titolo nazionale nella finalissima in gara secca, dello scorso 25 ottobre, contro i rivali dello <strong>Stavanger Rugbyklubb<\/strong>. Alla soddisfazione di squadra si \u00e8 aggiunta anche quella di essere nominato dal club \u201c<strong>Player of the Year<\/strong>\u201d, segno delle qualit\u00e0 tecniche e umane con cui si \u00e8 fatto apprezzare anche in terra scandinava.<\/p>\n<p>Un\u2019avventura da ricordare anche per quanto sperimentato sia dentro che fuori dal campo, come confermato proprio dalle parole dello stesso Zacchilli: <em>\u201cRingrazio innanzitutto gli amici del Sagene per la cordialit\u00e0 con cui mi hanno accolto sin dal primo giorno. In squadra ero il pi\u00f9 giovane in assoluto ed \u00e8 stato quindi interessante potermi confrontare nel quotidiano con compagni di maggiore esperienza, alcuni dei quali inseriti in pianta stabile anche nel giro della nazionale norvegese. Il livello della Norges Cup pu\u00f2 essere magari meno raffinato sul piano tecnico rispetto a quello dei nostri campionati, ma c\u2019\u00e8 grande voglia di competere da parte di tutte le squadre partecipanti, a volte anche in situazioni climatiche che dalle nostre parti sarebbero considerate estreme. Nella trasferta di Trondheim, ad esempio, abbiamo trovato raffiche di vento tra i 40 e 50 nodi, con tutte le difficolt\u00e0 del caso nella gestione del gioco aereo e al piede. Ho apprezzato molto inoltre l\u2019organizzazione interna della squadra e l\u2019entusiasmo con cui tutti i giocatori partecipano a ogni aspetto della vita del club. Ci tengo a ringraziare anche l\u2019head coach della Lazio Francesco Saverio Pompili, che in estate si \u00e8 subito attivato, tramite l\u2019allenatore della nazionale 7s norvegese Luigi Zangrilli, per aiutarmi a trovare questa bella sistemazione\u201d.<\/em><\/p>\n<p>Rientrato a Roma Filippo, cresciuto nel vivaio biancoceleste e tra gli artefici della doppia promozione consecutiva del 2XV, scalpita all\u2019idea di potersi tuffare nelle sfide del campionato di Serie A2: <em>\u201cSono molto emozionato in vista del debutto stagionale. Il rapporto coi compagni della Lazio \u00e8 una delle cose che mi \u00e8 mancata di pi\u00f9 nei mesi trascorsi in Norvegia. Non vedo davvero l\u2019ora di potermi confrontare nella categoria superiore e, soprattutto, di tornare a condividere il campo con quelli che reputo prima di tutto degli amici. Il palcoscenico della Serie A \u00e8 impegnativo e ci sta sicuramente mettendo alla prova, ma sono convinto che insieme sapremo toglierci con la dovuta pazienza delle belle soddisfazioni\u201d.<\/em><\/p>\n","protected":false},"excerpt":{"rendered":"<p>Un gradito ritorno andr\u00e0 a puntellare la rosa della Lazio Rugby 1927 in vista della ripresa del campionato di Serie A2. In questi giorni il gruppo guidato da Francesco Saverio Pompili ha infatti riaccolto tra le proprie fila il terza linea Filippo Zacchilli, reduce da un Erasmus di 6 mesi in Norvegia in cui ha&#8230;<\/p>\n","protected":false},"author":2,"featured_media":5678,"comment_status":"open","ping_status":"closed","sticky":false,"template":"","format":"standard","meta":{"footnotes":""},"categories":[1],"tags":[],"jetpack_sharing_enabled":true,"jetpack_featured_media_url":"https:\/\/laziorugby.it\/wp-content\/uploads\/2026\/01\/Zacchilli.png","_links":{"self":[{"href":"https:\/\/laziorugby.it\/index.php\/wp-json\/wp\/v2\/posts\/5677"}],"collection":[{"href":"https:\/\/laziorugby.it\/index.php\/wp-json\/wp\/v2\/posts"}],"about":[{"href":"https:\/\/laziorugby.it\/index.php\/wp-json\/wp\/v2\/types\/post"}],"author":[{"embeddable":true,"href":"https:\/\/laziorugby.it\/index.php\/wp-json\/wp\/v2\/users\/2"}],"replies":[{"embeddable":true,"href":"https:\/\/laziorugby.it\/index.php\/wp-json\/wp\/v2\/comments?post=5677"}],"version-history":[{"count":1,"href":"https:\/\/laziorugby.it\/index.php\/wp-json\/wp\/v2\/posts\/5677\/revisions"}],"predecessor-version":[{"id":5679,"href":"https:\/\/laziorugby.it\/index.php\/wp-json\/wp\/v2\/posts\/5677\/revisions\/5679"}],"wp:featuredmedia":[{"embeddable":true,"href":"https:\/\/laziorugby.it\/index.php\/wp-json\/wp\/v2\/media\/5678"}],"wp:attachment":[{"href":"https:\/\/laziorugby.it\/index.php\/wp-json\/wp\/v2\/media?parent=5677"}],"wp:term":[{"taxonomy":"category","embeddable":true,"href":"https:\/\/laziorugby.it\/index.php\/wp-json\/wp\/v2\/categories?post=5677"},{"taxonomy":"post_tag","embeddable":true,"href":"https:\/\/laziorugby.it\/index.php\/wp-json\/wp\/v2\/tags?post=5677"}],"curies":[{"name":"wp","href":"https:\/\/api.w.org\/{rel}","templated":true}]}}