{"id":5350,"date":"2025-11-25T19:28:20","date_gmt":"2025-11-25T18:28:20","guid":{"rendered":"https:\/\/laziorugby.it\/?p=5350"},"modified":"2025-11-25T19:28:20","modified_gmt":"2025-11-25T18:28:20","slug":"junior-time-il-diario-di-bordo-delle-giovanili-biancocelesti-5-22-23-novembre","status":"publish","type":"post","link":"https:\/\/laziorugby.it\/index.php\/2025\/11\/25\/junior-time-il-diario-di-bordo-delle-giovanili-biancocelesti-5-22-23-novembre\/","title":{"rendered":"Junior Time: il diario di bordo delle giovanili biancocelesti #5 (22-23 novembre)"},"content":{"rendered":"<p>Con le categorie agonistiche ancora in pausa \u00e8 ancora la Scuola Rugby a prendersi la scena in casa biancoceleste. Stavolta spazio in particolare all\u2019<strong>Under 12<\/strong>, che domenica ha preso parte alla sua quarta Festa del Rugby di questa finestra autunnale.<\/p>\n<p><strong>UNDER 12<\/strong> \u2013 Lazio impegnata a <strong>Vermicino<\/strong> sul terreno di gioco dell\u2019Andrea Grossi, stavolta in compagnia di altre 9 formazioni provenienti dall\u2019intero quadrante sud-est della regione. Come accaduto due settimane fa al Campo degli Acquedotti gli Aquilotti hanno strappato i complimenti e gli applausi sia dello staff che dei sostenitori presenti, mostrando tanta voglia di giocare e di mettersi alla prova. In pi\u00f9 di un\u2019occasione si sono viste delle iniziative degne di nota e delle soluzioni diverse rispetto a quelle adottate nelle ultime uscite. Bene anche l\u2019atteggiamento nel movimento difensivo, al quale tutti hanno contribuito con concentrazione e, in determinati frangenti, anche con bella reattivit\u00e0. Margini di miglioramento pi\u00f9 consistenti invece nel sostegno e nella compattezza in attacco, cos\u00ec da rendere la manovra pi\u00f9 fluida e ordinata. La direzione intrapresa dal gruppo \u00e8 comunque quella giusta per continuare a crescere e a divertirsi nel corso dell\u2019annata.<\/p>\n","protected":false},"excerpt":{"rendered":"<p>Con le categorie agonistiche ancora in pausa \u00e8 ancora la Scuola Rugby a prendersi la scena in casa biancoceleste. Stavolta spazio in particolare all\u2019Under 12, che domenica ha preso parte alla sua quarta Festa del Rugby di questa finestra autunnale. UNDER 12 \u2013 Lazio impegnata a Vermicino sul terreno di gioco dell\u2019Andrea Grossi, stavolta in&#8230;<\/p>\n","protected":false},"author":2,"featured_media":5315,"comment_status":"open","ping_status":"closed","sticky":false,"template":"","format":"standard","meta":{"footnotes":""},"categories":[125,128],"tags":[],"jetpack_sharing_enabled":true,"jetpack_featured_media_url":"https:\/\/laziorugby.it\/wp-content\/uploads\/2025\/11\/News-Lazio.png","_links":{"self":[{"href":"https:\/\/laziorugby.it\/index.php\/wp-json\/wp\/v2\/posts\/5350"}],"collection":[{"href":"https:\/\/laziorugby.it\/index.php\/wp-json\/wp\/v2\/posts"}],"about":[{"href":"https:\/\/laziorugby.it\/index.php\/wp-json\/wp\/v2\/types\/post"}],"author":[{"embeddable":true,"href":"https:\/\/laziorugby.it\/index.php\/wp-json\/wp\/v2\/users\/2"}],"replies":[{"embeddable":true,"href":"https:\/\/laziorugby.it\/index.php\/wp-json\/wp\/v2\/comments?post=5350"}],"version-history":[{"count":1,"href":"https:\/\/laziorugby.it\/index.php\/wp-json\/wp\/v2\/posts\/5350\/revisions"}],"predecessor-version":[{"id":5351,"href":"https:\/\/laziorugby.it\/index.php\/wp-json\/wp\/v2\/posts\/5350\/revisions\/5351"}],"wp:featuredmedia":[{"embeddable":true,"href":"https:\/\/laziorugby.it\/index.php\/wp-json\/wp\/v2\/media\/5315"}],"wp:attachment":[{"href":"https:\/\/laziorugby.it\/index.php\/wp-json\/wp\/v2\/media?parent=5350"}],"wp:term":[{"taxonomy":"category","embeddable":true,"href":"https:\/\/laziorugby.it\/index.php\/wp-json\/wp\/v2\/categories?post=5350"},{"taxonomy":"post_tag","embeddable":true,"href":"https:\/\/laziorugby.it\/index.php\/wp-json\/wp\/v2\/tags?post=5350"}],"curies":[{"name":"wp","href":"https:\/\/api.w.org\/{rel}","templated":true}]}}