{"id":4915,"date":"2025-08-05T14:21:07","date_gmt":"2025-08-05T13:21:07","guid":{"rendered":"https:\/\/laziorugby.it\/?p=4915"},"modified":"2025-09-10T13:39:48","modified_gmt":"2025-09-10T12:39:48","slug":"la-lazio-rugby-1927-ufficializza-lorganigramma-per-il-settore-giovanile","status":"publish","type":"post","link":"https:\/\/laziorugby.it\/index.php\/2025\/08\/05\/la-lazio-rugby-1927-ufficializza-lorganigramma-per-il-settore-giovanile\/","title":{"rendered":"La Lazio Rugby 1927 ufficializza l\u2019organigramma per il settore giovanile"},"content":{"rendered":"<p><b>Roma<\/b> &#8211; Tutto pronto per la ripresa della nuova stagione sportiva, che vedr\u00e0 l\u2019intera Societ\u00e0 biancoceleste in campo a partire dalla fine di Agosto per la ripresa dell\u2019attivit\u00e0.<\/p>\n<p>Dopo l\u2019ufficializzazione dello Staff composto da <b>Emanuele Lo Greco, Pippo Esposito e Francesco Saverio Pompili<\/b>, la Societ\u00e0 biancoceleste ufficializza i quadri tecnici per tutte le categorie giovanili.<\/p>\n<p>L\u2019intero Staff sar\u00e0 coinvolto nelle attivit\u00e0 dalle Prime mete all\u2019U18 nei poli del <b>Flaminio Real <\/b>a <b>Tor di Quinto<\/b>, dell\u2019<b>Antonio Nori <\/b>di <b>Tor Tre Teste<\/b> ed il <b>\u201cCPO\u201d Giulio Onesti<\/b> all\u2019Acqua Acetosa.<\/p>\n<p>\u201cSiamo ai nastri di partenza di una nuova stagione, che segna l\u2019inizio di un nuovo ciclo, con uno staff che include tante conferme e alcuni nuovi inserimenti\u201d ha dichiarato <b>Emanuele Lo Greco<\/b> \u201cDurante questa fase di riorganizzazione, insieme a Pippo Esposito e Francesco Pompili, stiamo gettando i presupposti per permettere a tutti di lavorare al meglio.<\/p>\n<p>Ci aspetta molto lavoro, ma sono sicuro sar\u00e0 una stagione di crescita per tutto il Club grazie alla volont\u00e0 e disponibilit\u00e0 di tutti i suoi componenti\u201d.<span class=\"Apple-converted-space\">\u00a0<\/span><\/p>\n<p>&nbsp;<\/p>\n<p>Di seguito l\u2019organigramma ufficiale per la nuova stagione sportiva:<\/p>\n<p><b>Direttore Sportivo<\/b><\/p>\n<p>Roberto Esposito<\/p>\n<p><b>Responsabile Tecnico<\/b><\/p>\n<p>Emanuele Lo Greco<\/p>\n<p><b>Consulente Sviluppo Club\u00a0<\/b><\/p>\n<p>Francesco Saverio Pompili<\/p>\n<p><b>Responsabile PFA \u00a0<\/b><\/p>\n<p>Filippo Gargaglia<\/p>\n<p>____________________________<\/p>\n<p><b>UNDER 18<\/b><\/p>\n<p><b>Responsabile<\/b>: Emanuele Lo Greco<\/p>\n<p><b>Allenatori<\/b>: Cosma Garfagnoli &#8211; Andrea De Blasio<\/p>\n<p>____________________________<\/p>\n<p><b>UNDER 16<\/b><\/p>\n<p><b>Responsabile<\/b>: Andrea De Blasio<\/p>\n<p><b>Allenatori<\/b>: Matteo Tomasini &#8211; Stefano Scarsella<\/p>\n<p>____________________________<\/p>\n<p><b>UNDER 14<span class=\"Apple-converted-space\">\u00a0<\/span><\/b><\/p>\n<p><b>Responsabile<\/b>: Simone Caucci<\/p>\n<p><b>Responsabile progetto femminile<\/b>: Giorgio Portaluri<\/p>\n<p>&nbsp;<\/p>\n<p><b>Allenatori<\/b>: Giacomo Caggia &#8211; Danilo Chiavoni &#8211; Stefano Scarsella &#8211; Andrea De Blasio<\/p>\n<p>____________________________<\/p>\n<p><b>UNDER 12<\/b><\/p>\n<p><b>Responsabile<\/b>: Raul Canestri<\/p>\n<p><b>Educatori<\/b>: Simone Caucci &#8211; Stefano Carpineti &#8211; Riccardo Fermani &#8211; Giacomo Caggia<span class=\"Apple-converted-space\">\u00a0<\/span><\/p>\n<p>____________________________<\/p>\n<p><b>UNDER 10<\/b><\/p>\n<p><b>Responsabile<\/b>: Andrea Barbato<\/p>\n<p><b>Educatori<\/b>: Pierantonio Accardo &#8211; Riccardo Florenzani &#8211; \u00a0Teodoro Moneta<\/p>\n<p>____________________________<\/p>\n<p><b>UNDER 8<\/b><\/p>\n<p><b>Responsabile<\/b>: Davide Passeri<\/p>\n<p><b>Educatori<\/b>: Virginia Massarelli \u00a0&#8211; Simone Policella &#8211; \u00a0Manuel Ruzza &#8211; Diego Semproni &#8211; Vittorio Pandimiglio<\/p>\n<p>____________________________<\/p>\n<p><b>UNDER 6 &#8211; Prime Mete<\/b><\/p>\n<p><b>Responsabile<\/b>: Andrea Bartoccini<\/p>\n<p><b>Educatori<\/b>: Maria Rosa Addesso &#8211; Giulia Ciucci\u00a0&#8211; Bianca Lentini<\/p>\n<p>____________________________<\/p>\n<p><b>PREPARAZIONE FISICA ED ATLETICA<\/b><\/p>\n<p><b>UNDER 18<\/b><\/p>\n<p>Marco Ascani<\/p>\n<p><b>UNDER 16<\/b><\/p>\n<p>Gianluca Coletti<\/p>\n<p><b>UNDER 14<\/b><\/p>\n<p>Valerio Piccinini<\/p>\n<p><b>SETTORE PROPAGANDA<\/b><\/p>\n<p>Laura Maresca<\/p>\n<p>Lorenzo Sirotek<\/p>\n<p><span class=\"Apple-converted-space\"> ____________________________<\/span><\/p>\n<p>&nbsp;<\/p>\n<p>Di seguito le date ufficiali di ripresa degli allenamenti per le categorie:<\/p>\n<ul>\n<li><strong>UNDER 18 \/ UNDER 16:<\/strong> Luned\u00ec 25 agosto<\/li>\n<li><strong>UNDER 14:<\/strong> Luned\u00ec 1\u00b0 settembre<\/li>\n<li><strong>Scuola Rugby<\/strong> (Prime Mete, U6 \u2013 U8 \u2013 U10 \u2013 U12): Marted\u00ec 9 settembre<\/li>\n<\/ul>\n","protected":false},"excerpt":{"rendered":"<p>Roma &#8211; Tutto pronto per la ripresa della nuova stagione sportiva, che vedr\u00e0 l\u2019intera Societ\u00e0 biancoceleste in campo a partire dalla fine di Agosto per la ripresa dell\u2019attivit\u00e0. Dopo l\u2019ufficializzazione dello Staff composto da Emanuele Lo Greco, Pippo Esposito e Francesco Saverio Pompili, la Societ\u00e0 biancoceleste ufficializza i quadri tecnici per tutte le categorie giovanili&#8230;.<\/p>\n","protected":false},"author":2,"featured_media":4484,"comment_status":"open","ping_status":"closed","sticky":false,"template":"","format":"standard","meta":{"footnotes":""},"categories":[125,129,123,30],"tags":[],"jetpack_sharing_enabled":true,"jetpack_featured_media_url":"https:\/\/laziorugby.it\/wp-content\/uploads\/2024\/03\/20231014113015__mg_1099-scaled.jpg","_links":{"self":[{"href":"https:\/\/laziorugby.it\/index.php\/wp-json\/wp\/v2\/posts\/4915"}],"collection":[{"href":"https:\/\/laziorugby.it\/index.php\/wp-json\/wp\/v2\/posts"}],"about":[{"href":"https:\/\/laziorugby.it\/index.php\/wp-json\/wp\/v2\/types\/post"}],"author":[{"embeddable":true,"href":"https:\/\/laziorugby.it\/index.php\/wp-json\/wp\/v2\/users\/2"}],"replies":[{"embeddable":true,"href":"https:\/\/laziorugby.it\/index.php\/wp-json\/wp\/v2\/comments?post=4915"}],"version-history":[{"count":7,"href":"https:\/\/laziorugby.it\/index.php\/wp-json\/wp\/v2\/posts\/4915\/revisions"}],"predecessor-version":[{"id":4922,"href":"https:\/\/laziorugby.it\/index.php\/wp-json\/wp\/v2\/posts\/4915\/revisions\/4922"}],"wp:featuredmedia":[{"embeddable":true,"href":"https:\/\/laziorugby.it\/index.php\/wp-json\/wp\/v2\/media\/4484"}],"wp:attachment":[{"href":"https:\/\/laziorugby.it\/index.php\/wp-json\/wp\/v2\/media?parent=4915"}],"wp:term":[{"taxonomy":"category","embeddable":true,"href":"https:\/\/laziorugby.it\/index.php\/wp-json\/wp\/v2\/categories?post=4915"},{"taxonomy":"post_tag","embeddable":true,"href":"https:\/\/laziorugby.it\/index.php\/wp-json\/wp\/v2\/tags?post=4915"}],"curies":[{"name":"wp","href":"https:\/\/api.w.org\/{rel}","templated":true}]}}